{"id":1986,"date":"2026-04-28T10:25:15","date_gmt":"2026-04-28T08:25:15","guid":{"rendered":"http:\/\/www.aikido.lublin.pl\/?p=1986"},"modified":"2026-04-28T10:25:15","modified_gmt":"2026-04-28T08:25:15","slug":"aikido-pod-zaglami-2026","status":"publish","type":"post","link":"https:\/\/www.aikido.lublin.pl\/?p=1986","title":{"rendered":"Aikido Pod \u017baglami 2026"},"content":{"rendered":"<p><strong>Aikido pod \u017baglami 2026<\/strong><\/p>\n<p>Wyobra\u017a sobie treningi aikido\u2026 na \u015brodku mazurskich jezior.<\/p>\n<p>Brzmi jak przygoda? To dopiero pocz\u0105tek!<\/p>\n<p>Zapraszamy na wyj\u0105tkowy ob\u00f3z Aikido pod \u017baglami, gdzie po\u0142\u0105czysz pasj\u0119 do sztuk walki z \u017ceglarsk\u0105 wolno\u015bci\u0105 \ud83c\udf2c\ufe0f<\/p>\n<p>Termin: <strong>11\u201318.07.2026<\/strong><\/p>\n<p>&nbsp;<\/p>\n<p>&nbsp;<\/p>\n<p>&nbsp;<\/p>\n<p>W programie:<\/p>\n<ul>\n<li>\u00a0treningi aikido dwa razy dziennie<\/li>\n<li>codzienne p\u0142ywanie na \u0142\u00f3dkach<\/li>\n<li>noclegi na \u0142odziach \u2013 pe\u0142ne zanurzenie w klimacie \u017ceglarskim<\/li>\n<li>niezapomniane widoki i wakacyjna atmosfera<\/li>\n<li>Koszt obozu: 1195 PLN<\/li>\n<li>wy\u017cywienie: ok. 200 PLN<\/li>\n<\/ul>\n<p>To idealna okazja, by:<\/p>\n<ul>\n<li>rozwin\u0105\u0107 umiej\u0119tno\u015bci aikido<\/li>\n<li>nauczy\u0107 si\u0119 podstaw \u017ceglarstwa<\/li>\n<li>prze\u017cy\u0107 tydzie\u0144 pe\u0142en przyg\u00f3d i integracji<\/li>\n<\/ul>\n<p>Liczba miejsc ograniczona \u2013 wskakuj na pok\u0142ad i prze\u017cyj wakacje, kt\u00f3rych nie zapomnisz!<\/p>\n<p>Napisz do nas, aby zarezerwowa\u0107 miejsce: +48 602 770 676, ik@aikido.lublin.pl<\/p>\n<p>&nbsp;<\/p>\n","protected":false},"excerpt":{"rendered":"<p>Aikido pod \u017baglami 2026 Wyobra\u017a sobie treningi aikido\u2026 na \u015brodku mazurskich jezior. Brzmi jak przygoda? To dopiero pocz\u0105tek! Zapraszamy na wyj\u0105tkowy ob\u00f3z Aikido pod \u017baglami, gdzie po\u0142\u0105czysz pasj\u0119 do sztuk walki z \u017ceglarsk\u0105 wolno\u015bci\u0105 \ud83c\udf2c\ufe0f Termin: 11\u201318.07.2026 &nbsp; &nbsp; &nbsp; W programie: \u00a0treningi aikido dwa razy dziennie codzienne p\u0142ywanie na \u0142\u00f3dkach noclegi na \u0142odziach \u2013&#8230;<\/p>\n","protected":false},"author":1,"featured_media":1987,"comment_status":"closed","ping_status":"open","sticky":false,"template":"","format":"standard","meta":{"footnotes":""},"categories":[4],"tags":[],"class_list":["post-1986","post","type-post","status-publish","format-standard","has-post-thumbnail","hentry","category-aktualnosci"],"publishpress_future_action":{"enabled":false,"date":"2026-05-05 15:12:46","action":"change-status","newStatus":"draft","terms":[],"taxonomy":"category","extraData":[]},"publishpress_future_workflow_manual_trigger":{"enabledWorkflows":[]},"_links":{"self":[{"href":"https:\/\/www.aikido.lublin.pl\/index.php?rest_route=\/wp\/v2\/posts\/1986","targetHints":{"allow":["GET"]}}],"collection":[{"href":"https:\/\/www.aikido.lublin.pl\/index.php?rest_route=\/wp\/v2\/posts"}],"about":[{"href":"https:\/\/www.aikido.lublin.pl\/index.php?rest_route=\/wp\/v2\/types\/post"}],"author":[{"embeddable":true,"href":"https:\/\/www.aikido.lublin.pl\/index.php?rest_route=\/wp\/v2\/users\/1"}],"replies":[{"embeddable":true,"href":"https:\/\/www.aikido.lublin.pl\/index.php?rest_route=%2Fwp%2Fv2%2Fcomments&post=1986"}],"version-history":[{"count":3,"href":"https:\/\/www.aikido.lublin.pl\/index.php?rest_route=\/wp\/v2\/posts\/1986\/revisions"}],"predecessor-version":[{"id":1990,"href":"https:\/\/www.aikido.lublin.pl\/index.php?rest_route=\/wp\/v2\/posts\/1986\/revisions\/1990"}],"wp:featuredmedia":[{"embeddable":true,"href":"https:\/\/www.aikido.lublin.pl\/index.php?rest_route=\/wp\/v2\/media\/1987"}],"wp:attachment":[{"href":"https:\/\/www.aikido.lublin.pl\/index.php?rest_route=%2Fwp%2Fv2%2Fmedia&parent=1986"}],"wp:term":[{"taxonomy":"category","embeddable":true,"href":"https:\/\/www.aikido.lublin.pl\/index.php?rest_route=%2Fwp%2Fv2%2Fcategories&post=1986"},{"taxonomy":"post_tag","embeddable":true,"href":"https:\/\/www.aikido.lublin.pl\/index.php?rest_route=%2Fwp%2Fv2%2Ftags&post=1986"}],"curies":[{"name":"wp","href":"https:\/\/api.w.org\/{rel}","templated":true}]}}